{"id":939,"date":"2019-02-06T16:17:41","date_gmt":"2019-02-06T15:17:41","guid":{"rendered":"http:\/\/buergerverein-merheim.de\/wordpress\/?p=939"},"modified":"2019-02-06T16:22:25","modified_gmt":"2019-02-06T15:22:25","slug":"merheim-putzmunter-am-16-maerz-2019","status":"publish","type":"post","link":"https:\/\/buergerverein-merheim.de\/wordpress\/2019\/02\/merheim-putzmunter-am-16-maerz-2019\/","title":{"rendered":"&#8222;Merheim putzmunter&#8220; am 16. M\u00e4rz 2019"},"content":{"rendered":"<p>Der B\u00fcrgerverein K\u00f6ln-Merheim e.V. freut sich \u00fcber eine zahlreiche Teilnahme.<\/p>\n<p><a href=\"http:\/\/buergerverein-merheim.de\/wordpress\/wp-content\/uploads\/2019\/02\/Merheim-putzmunter.jpg\"><img loading=\"lazy\" decoding=\"async\" src=\"http:\/\/buergerverein-merheim.de\/wordpress\/wp-content\/uploads\/2019\/02\/Merheim-putzmunter-300x147.jpg\" alt=\"\" width=\"300\" height=\"147\" class=\"alignnone size-medium wp-image-926\" srcset=\"https:\/\/buergerverein-merheim.de\/wordpress\/wp-content\/uploads\/2019\/02\/Merheim-putzmunter-300x147.jpg 300w, https:\/\/buergerverein-merheim.de\/wordpress\/wp-content\/uploads\/2019\/02\/Merheim-putzmunter-768x377.jpg 768w, https:\/\/buergerverein-merheim.de\/wordpress\/wp-content\/uploads\/2019\/02\/Merheim-putzmunter-1024x503.jpg 1024w, https:\/\/buergerverein-merheim.de\/wordpress\/wp-content\/uploads\/2019\/02\/Merheim-putzmunter.jpg 1600w\" sizes=\"(max-width: 300px) 100vw, 300px\" \/><\/a><\/p>\n","protected":false},"excerpt":{"rendered":"<p>Der B\u00fcrgerverein K\u00f6ln-Merheim e.V. freut sich \u00fcber eine zahlreiche Teilnahme.<\/p>\n","protected":false},"author":1,"featured_media":0,"comment_status":"closed","ping_status":"closed","sticky":false,"template":"","format":"standard","meta":{"footnotes":""},"categories":[1],"tags":[],"class_list":["post-939","post","type-post","status-publish","format-standard","hentry","category-uncategorized"],"_links":{"self":[{"href":"https:\/\/buergerverein-merheim.de\/wordpress\/wp-json\/wp\/v2\/posts\/939"}],"collection":[{"href":"https:\/\/buergerverein-merheim.de\/wordpress\/wp-json\/wp\/v2\/posts"}],"about":[{"href":"https:\/\/buergerverein-merheim.de\/wordpress\/wp-json\/wp\/v2\/types\/post"}],"author":[{"embeddable":true,"href":"https:\/\/buergerverein-merheim.de\/wordpress\/wp-json\/wp\/v2\/users\/1"}],"replies":[{"embeddable":true,"href":"https:\/\/buergerverein-merheim.de\/wordpress\/wp-json\/wp\/v2\/comments?post=939"}],"version-history":[{"count":3,"href":"https:\/\/buergerverein-merheim.de\/wordpress\/wp-json\/wp\/v2\/posts\/939\/revisions"}],"predecessor-version":[{"id":942,"href":"https:\/\/buergerverein-merheim.de\/wordpress\/wp-json\/wp\/v2\/posts\/939\/revisions\/942"}],"wp:attachment":[{"href":"https:\/\/buergerverein-merheim.de\/wordpress\/wp-json\/wp\/v2\/media?parent=939"}],"wp:term":[{"taxonomy":"category","embeddable":true,"href":"https:\/\/buergerverein-merheim.de\/wordpress\/wp-json\/wp\/v2\/categories?post=939"},{"taxonomy":"post_tag","embeddable":true,"href":"https:\/\/buergerverein-merheim.de\/wordpress\/wp-json\/wp\/v2\/tags?post=939"}],"curies":[{"name":"wp","href":"https:\/\/api.w.org\/{rel}","templated":true}]}}