{"id":930,"date":"2019-02-06T16:01:12","date_gmt":"2019-02-06T15:01:12","guid":{"rendered":"http:\/\/buergerverein-merheim.de\/wordpress\/?p=930"},"modified":"2019-02-06T16:15:50","modified_gmt":"2019-02-06T15:15:50","slug":"einladung-zur-teilnahme-an-der-oeffentlichen-buergerversammlung-am-13-maerz-2019","status":"publish","type":"post","link":"https:\/\/buergerverein-merheim.de\/wordpress\/2019\/02\/einladung-zur-teilnahme-an-der-oeffentlichen-buergerversammlung-am-13-maerz-2019\/","title":{"rendered":"Einladung zur \u00d6ffentlichen B\u00fcrgerversammlung am 13. M\u00e4rz 2019"},"content":{"rendered":"<p>Im Rahmen der \u00d6ffentlichen B\u00fcrgerversammlung l\u00e4dt der B\u00fcrgerverein K\u00f6ln-Merheim e.V. alle Merheimer B\u00fcrgerinnen und B\u00fcrger zu einer kostenlosen F\u00fchrung durch die &#8222;Dokumentationsst\u00e4tte Kalter Krieg&#8220; ein.<\/p>\n<p>Anmeldungen werden bis einschlie\u00dflich 01. M\u00e4rz 2019 entgegengenommen.<\/p>\n<p><a href=\"http:\/\/buergerverein-merheim.de\/wordpress\/wp-content\/uploads\/2019\/02\/\u00d6ffentliche-B\u00fcrgerversammlung.jpg\"><img loading=\"lazy\" decoding=\"async\" src=\"http:\/\/buergerverein-merheim.de\/wordpress\/wp-content\/uploads\/2019\/02\/\u00d6ffentliche-B\u00fcrgerversammlung-225x300.jpg\" alt=\"\" width=\"225\" height=\"300\" class=\"alignnone size-medium wp-image-927\" srcset=\"https:\/\/buergerverein-merheim.de\/wordpress\/wp-content\/uploads\/2019\/02\/\u00d6ffentliche-B\u00fcrgerversammlung-225x300.jpg 225w, https:\/\/buergerverein-merheim.de\/wordpress\/wp-content\/uploads\/2019\/02\/\u00d6ffentliche-B\u00fcrgerversammlung.jpg 768w\" sizes=\"(max-width: 225px) 100vw, 225px\" \/><\/a><\/p>\n","protected":false},"excerpt":{"rendered":"<p>Im Rahmen der \u00d6ffentlichen B\u00fcrgerversammlung l\u00e4dt der B\u00fcrgerverein K\u00f6ln-Merheim e.V. alle Merheimer B\u00fcrgerinnen und B\u00fcrger zu einer kostenlosen F\u00fchrung durch die &#8222;Dokumentationsst\u00e4tte Kalter Krieg&#8220; ein. Anmeldungen werden bis einschlie\u00dflich 01. M\u00e4rz 2019 entgegengenommen.<\/p>\n","protected":false},"author":1,"featured_media":0,"comment_status":"closed","ping_status":"closed","sticky":false,"template":"","format":"standard","meta":{"footnotes":""},"categories":[1],"tags":[],"class_list":["post-930","post","type-post","status-publish","format-standard","hentry","category-uncategorized"],"_links":{"self":[{"href":"https:\/\/buergerverein-merheim.de\/wordpress\/wp-json\/wp\/v2\/posts\/930"}],"collection":[{"href":"https:\/\/buergerverein-merheim.de\/wordpress\/wp-json\/wp\/v2\/posts"}],"about":[{"href":"https:\/\/buergerverein-merheim.de\/wordpress\/wp-json\/wp\/v2\/types\/post"}],"author":[{"embeddable":true,"href":"https:\/\/buergerverein-merheim.de\/wordpress\/wp-json\/wp\/v2\/users\/1"}],"replies":[{"embeddable":true,"href":"https:\/\/buergerverein-merheim.de\/wordpress\/wp-json\/wp\/v2\/comments?post=930"}],"version-history":[{"count":7,"href":"https:\/\/buergerverein-merheim.de\/wordpress\/wp-json\/wp\/v2\/posts\/930\/revisions"}],"predecessor-version":[{"id":937,"href":"https:\/\/buergerverein-merheim.de\/wordpress\/wp-json\/wp\/v2\/posts\/930\/revisions\/937"}],"wp:attachment":[{"href":"https:\/\/buergerverein-merheim.de\/wordpress\/wp-json\/wp\/v2\/media?parent=930"}],"wp:term":[{"taxonomy":"category","embeddable":true,"href":"https:\/\/buergerverein-merheim.de\/wordpress\/wp-json\/wp\/v2\/categories?post=930"},{"taxonomy":"post_tag","embeddable":true,"href":"https:\/\/buergerverein-merheim.de\/wordpress\/wp-json\/wp\/v2\/tags?post=930"}],"curies":[{"name":"wp","href":"https:\/\/api.w.org\/{rel}","templated":true}]}}