{"id":437,"date":"2017-11-12T17:08:57","date_gmt":"2017-11-12T16:08:57","guid":{"rendered":"http:\/\/buergerverein-merheim.de\/wordpress\/?p=437"},"modified":"2017-11-12T17:08:57","modified_gmt":"2017-11-12T16:08:57","slug":"einladung-zur-gedenk-und-mahnfeier-am-volkstrauertag-19-november-2017","status":"publish","type":"post","link":"https:\/\/buergerverein-merheim.de\/wordpress\/2017\/11\/einladung-zur-gedenk-und-mahnfeier-am-volkstrauertag-19-november-2017\/","title":{"rendered":"Einladung zur Gedenk- und Mahnfeier am Volkstrauertag , 19. November 2017"},"content":{"rendered":"<p class=\"western\" align=\"justify\"><span style=\"color: #000000;\"><span style=\"font-family: Times New Roman,serif;\"><span style=\"font-size: medium;\">Der B\u00fcrgerverein Merheim e. V. l\u00e4dt alle B\u00fcrger zu einer Gedenkfeier f\u00fcr die Erhaltung des Friedens am Volkstrauertag ein.<\/span><\/span><\/span><\/p>\n<p class=\"western\" align=\"justify\"><span style=\"color: #000000;\"><span style=\"font-family: Times New Roman,serif;\"><span style=\"font-size: medium;\">Die Feier findet am Sonntag, den <\/span><\/span><\/span><span style=\"color: #000000;\"><span style=\"font-family: Times New Roman,serif;\"><span style=\"font-size: medium;\"><b>19. November 2017 um 11.15 Uhr<\/b><\/span><\/span><\/span><span style=\"color: #000000;\"><span style=\"font-family: Times New Roman,serif;\"><span style=\"font-size: medium;\"> am Mahnmal in der Ostmerheimer Stra\u00dfe 445 gegen\u00fcber der Gastst\u00e4tte \u201eEm ahle Kohberg\u201c statt.<\/span><\/span><\/span><\/p>\n<p class=\"western\" align=\"justify\"><span style=\"color: #000000;\"><span style=\"font-family: Times New Roman,serif;\"><span style=\"font-size: medium;\">Unter Beteiligung der ortsans\u00e4ssigen Vereine, der Grundschule Fu\u00dffallstra\u00dfe sowie Vertretern der Kirche wollen wir der Opfer von Gewalt und Krieg und an unsere Verantwortung f\u00fcr den Frieden erinnern.<\/span><\/span><\/span><\/p>\n<p class=\"western\" align=\"justify\"><span style=\"color: #000000;\"><span style=\"font-family: Times New Roman,serif;\"><span style=\"font-size: medium;\">Das Leitungsteam freut sich auf Ihre Teilnahme.<\/span><\/span><\/span><\/p>\n","protected":false},"excerpt":{"rendered":"<p>Der B\u00fcrgerverein Merheim e. V. l\u00e4dt alle B\u00fcrger zu einer Gedenkfeier f\u00fcr die Erhaltung des Friedens am Volkstrauertag ein. Die Feier findet am Sonntag, den 19. November 2017 um 11.15 Uhr am Mahnmal in der Ostmerheimer Stra\u00dfe 445 gegen\u00fcber der Gastst\u00e4tte \u201eEm ahle Kohberg\u201c statt. Unter Beteiligung der ortsans\u00e4ssigen Vereine, der Grundschule Fu\u00dffallstra\u00dfe sowie Vertretern [&hellip;]<\/p>\n","protected":false},"author":1,"featured_media":0,"comment_status":"closed","ping_status":"closed","sticky":false,"template":"","format":"standard","meta":{"footnotes":""},"categories":[1],"tags":[],"class_list":["post-437","post","type-post","status-publish","format-standard","hentry","category-uncategorized"],"_links":{"self":[{"href":"https:\/\/buergerverein-merheim.de\/wordpress\/wp-json\/wp\/v2\/posts\/437"}],"collection":[{"href":"https:\/\/buergerverein-merheim.de\/wordpress\/wp-json\/wp\/v2\/posts"}],"about":[{"href":"https:\/\/buergerverein-merheim.de\/wordpress\/wp-json\/wp\/v2\/types\/post"}],"author":[{"embeddable":true,"href":"https:\/\/buergerverein-merheim.de\/wordpress\/wp-json\/wp\/v2\/users\/1"}],"replies":[{"embeddable":true,"href":"https:\/\/buergerverein-merheim.de\/wordpress\/wp-json\/wp\/v2\/comments?post=437"}],"version-history":[{"count":1,"href":"https:\/\/buergerverein-merheim.de\/wordpress\/wp-json\/wp\/v2\/posts\/437\/revisions"}],"predecessor-version":[{"id":438,"href":"https:\/\/buergerverein-merheim.de\/wordpress\/wp-json\/wp\/v2\/posts\/437\/revisions\/438"}],"wp:attachment":[{"href":"https:\/\/buergerverein-merheim.de\/wordpress\/wp-json\/wp\/v2\/media?parent=437"}],"wp:term":[{"taxonomy":"category","embeddable":true,"href":"https:\/\/buergerverein-merheim.de\/wordpress\/wp-json\/wp\/v2\/categories?post=437"},{"taxonomy":"post_tag","embeddable":true,"href":"https:\/\/buergerverein-merheim.de\/wordpress\/wp-json\/wp\/v2\/tags?post=437"}],"curies":[{"name":"wp","href":"https:\/\/api.w.org\/{rel}","templated":true}]}}