{"id":1154,"date":"2022-03-03T17:18:05","date_gmt":"2022-03-03T16:18:05","guid":{"rendered":"https:\/\/buergerverein-merheim.de\/wordpress\/?p=1154"},"modified":"2022-03-03T17:18:05","modified_gmt":"2022-03-03T16:18:05","slug":"merheim-putzmunter-2022","status":"publish","type":"post","link":"https:\/\/buergerverein-merheim.de\/wordpress\/2022\/03\/merheim-putzmunter-2022\/","title":{"rendered":"Merheim Putzmunter 2022"},"content":{"rendered":"<h3><strong><u>Einladung <\/u><\/strong><\/h3>\n<h2><span style=\"color: #ff0000;\"><strong><u>Merheim Putzmunter<\/u><\/strong><\/span><\/h2>\n<p><strong>\u00a0<\/strong><\/p>\n<p><strong>\u00a0<\/strong><strong>Am Samstag, <u>19.03.2022<\/u> findet wieder die Aktion<\/strong><\/p>\n<p><strong>\u201eMerheim Putzmunter\u201c statt. <\/strong><\/p>\n<p><strong>\u00a0<\/strong><br \/>\n<strong>Der B\u00fcrgerverein K\u00f6ln-Merheim e.V. will sich auch weiterhin &#8211; zusammen mit Ihnen &#8211; f\u00fcr ein sauberes und gepflegtes Veedel einsetzen.<\/strong><\/p>\n<p><strong>\u00a0<\/strong><br \/>\n<strong><u>Liebe Merheimerinnen und Merheimer, dazu brauchen wir auch in diesem Jahr wieder Ihre tatkr\u00e4ftige Unterst\u00fctzung. <\/u><\/strong><\/p>\n<p><strong>\u00a0<\/strong><br \/>\n<strong>Wir treffen uns um 10.00 Uhr vor dem Schaukasten des B\u00fcrgervereins an der Haltestelle der Linie1 \u201eMerheim\u201c.<\/strong><\/p>\n<p><strong>Handschuhe und M\u00fclls\u00e4cke werden von uns gestellt.<\/strong><\/p>\n<p><strong>\u00a0<a href=\"https:\/\/buergerverein-merheim.de\/wordpress\/wp-content\/uploads\/2022\/03\/20200809_Ebertplatz-putzmunter_BuergervereinEigelstein-1.jpg\"><img loading=\"lazy\" decoding=\"async\" class=\"alignnone size-medium wp-image-1156\" src=\"https:\/\/buergerverein-merheim.de\/wordpress\/wp-content\/uploads\/2022\/03\/20200809_Ebertplatz-putzmunter_BuergervereinEigelstein-1-300x197.jpg\" alt=\"\" width=\"300\" height=\"197\" srcset=\"https:\/\/buergerverein-merheim.de\/wordpress\/wp-content\/uploads\/2022\/03\/20200809_Ebertplatz-putzmunter_BuergervereinEigelstein-1-300x197.jpg 300w, https:\/\/buergerverein-merheim.de\/wordpress\/wp-content\/uploads\/2022\/03\/20200809_Ebertplatz-putzmunter_BuergervereinEigelstein-1-768x506.jpg 768w, https:\/\/buergerverein-merheim.de\/wordpress\/wp-content\/uploads\/2022\/03\/20200809_Ebertplatz-putzmunter_BuergervereinEigelstein-1.jpg 995w\" sizes=\"(max-width: 300px) 100vw, 300px\" \/><\/a><\/strong><\/p>\n<p><strong>F\u00fcr ein sauberes Merheim! \u2013 Machen Sie mit! <\/strong><\/p>\n<p><strong>\u00a0<\/strong><br \/>\n<strong>Ihr Leitungsteam<\/strong><\/p>\n","protected":false},"excerpt":{"rendered":"<p>Einladung Merheim Putzmunter \u00a0 \u00a0Am Samstag, 19.03.2022 findet wieder die Aktion \u201eMerheim Putzmunter\u201c statt. \u00a0 Der B\u00fcrgerverein K\u00f6ln-Merheim e.V. will sich auch weiterhin &#8211; zusammen mit Ihnen &#8211; f\u00fcr ein sauberes und gepflegtes Veedel einsetzen. \u00a0 Liebe Merheimerinnen und Merheimer, dazu brauchen wir auch in diesem Jahr wieder Ihre tatkr\u00e4ftige Unterst\u00fctzung. \u00a0 Wir treffen uns [&hellip;]<\/p>\n","protected":false},"author":9,"featured_media":0,"comment_status":"closed","ping_status":"closed","sticky":false,"template":"","format":"standard","meta":{"footnotes":""},"categories":[1],"tags":[],"class_list":["post-1154","post","type-post","status-publish","format-standard","hentry","category-uncategorized"],"_links":{"self":[{"href":"https:\/\/buergerverein-merheim.de\/wordpress\/wp-json\/wp\/v2\/posts\/1154"}],"collection":[{"href":"https:\/\/buergerverein-merheim.de\/wordpress\/wp-json\/wp\/v2\/posts"}],"about":[{"href":"https:\/\/buergerverein-merheim.de\/wordpress\/wp-json\/wp\/v2\/types\/post"}],"author":[{"embeddable":true,"href":"https:\/\/buergerverein-merheim.de\/wordpress\/wp-json\/wp\/v2\/users\/9"}],"replies":[{"embeddable":true,"href":"https:\/\/buergerverein-merheim.de\/wordpress\/wp-json\/wp\/v2\/comments?post=1154"}],"version-history":[{"count":2,"href":"https:\/\/buergerverein-merheim.de\/wordpress\/wp-json\/wp\/v2\/posts\/1154\/revisions"}],"predecessor-version":[{"id":1157,"href":"https:\/\/buergerverein-merheim.de\/wordpress\/wp-json\/wp\/v2\/posts\/1154\/revisions\/1157"}],"wp:attachment":[{"href":"https:\/\/buergerverein-merheim.de\/wordpress\/wp-json\/wp\/v2\/media?parent=1154"}],"wp:term":[{"taxonomy":"category","embeddable":true,"href":"https:\/\/buergerverein-merheim.de\/wordpress\/wp-json\/wp\/v2\/categories?post=1154"},{"taxonomy":"post_tag","embeddable":true,"href":"https:\/\/buergerverein-merheim.de\/wordpress\/wp-json\/wp\/v2\/tags?post=1154"}],"curies":[{"name":"wp","href":"https:\/\/api.w.org\/{rel}","templated":true}]}}